{"provider_url": "https://www.andradas.mg.leg.br", "title": "Confira a pauta da 14\u00aa Sess\u00e3o Ordin\u00e1ria", "html": "<div class=\"xdj266r x14z9mp xat24cr x1lziwak x1vvkbs x126k92a\">\r\n<div dir=\"auto\">A C\u00e2mara Municipal de Andradas realiza, no dia 05 de agosto de 2025, a 14.\u00aa Sess\u00e3o Ordin\u00e1ria do ano legislativo. Durante a reuni\u00e3o, ser\u00e3o apresentadas, discutidas e <span class=\"html-span xdj266r x14z9mp xat24cr x1lziwak xexx8yu xyri2b x18d9i69 x1c1uobl x1hl2dhg x16tdsg8 x1vvkbs\"><a class=\"html-a xdj266r x14z9mp xat24cr x1lziwak xexx8yu xyri2b x18d9i69 x1c1uobl x1hl2dhg x16tdsg8 x1vvkbs\" tabindex=\"-1\"></a></span>votadas mat\u00e9rias de interesse da comunidade andradense, abrangendo temas como acessibilidade a espa\u00e7os p\u00fablicos, legisla\u00e7\u00e3o sobre o espectro autista, prote\u00e7\u00e3o animal, atendimento banc\u00e1rio e atualiza\u00e7\u00e3o de normas legislativas.</div>\r\n</div>\r\n<div class=\"x14z9mp xat24cr x1lziwak x1vvkbs xtlvy1s x126k92a\">\r\n<div dir=\"auto\"></div>\r\n<div dir=\"auto\"><strong>Mat\u00e9rias que ser\u00e3o lidas:</strong></div>\r\n<div dir=\"auto\"></div>\r\n</div>\r\n<div class=\"x14z9mp xat24cr x1lziwak x1vvkbs xtlvy1s x126k92a\">\r\n<div dir=\"auto\">Projeto de Lei pelo Legislativo N\u00ba 20/2025, que \u201cPro\u00edbe o fechamento, obstru\u00e7\u00e3o ou restri\u00e7\u00e3o indevida de acesso a espa\u00e7os p\u00fablicos municipais e estabelece san\u00e7\u00f5es.\u201d</div>\r\n<div dir=\"auto\">Acesse: <span class=\"html-span xdj266r x14z9mp xat24cr x1lziwak xexx8yu xyri2b x18d9i69 x1c1uobl x1hl2dhg x16tdsg8 x1vvkbs\"><a class=\"x1i10hfl xjbqb8w x1ejq31n x18oe1m7 x1sy0etr xstzfhl x972fbf x10w94by x1qhh985 x14e42zd x9f619 x1ypdohk xt0psk2 xe8uvvx xdj266r x14z9mp xat24cr x1lziwak xexx8yu xyri2b x18d9i69 x1c1uobl x16tdsg8 x1hl2dhg xggy1nq x1a2a7pz xkrqix3 x1sur9pj x1fey0fg x1s688f\" href=\"https://sapl.andradas.mg.leg.br/materia/14716?fbclid=IwZXh0bgNhZW0CMTAAYnJpZBExWEx2VTBRcnl1WFFMMDVlOQEeZEjIf7giBGaNbwuiOtK2gmYAYO9UqGpzLk2oL2jdR6yBa33KvW-BOJuufzs_aem_C5ZEVaGgjIz9JxsYyriiMQ\" rel=\"nofollow noreferrer\" tabindex=\"0\" target=\"_blank\">https://sapl.andradas.mg.leg.br/materia/14716</a></span></div>\r\n<div dir=\"auto\"><span class=\"html-span xdj266r x14z9mp xat24cr x1lziwak xexx8yu xyri2b x18d9i69 x1c1uobl x1hl2dhg x16tdsg8 x1vvkbs\"><br /></span></div>\r\n</div>\r\n<div class=\"x14z9mp xat24cr x1lziwak x1vvkbs xtlvy1s x126k92a\">\r\n<div dir=\"auto\">Projeto de Lei Ordin\u00e1ria N\u00ba 21/2025, de 29 de julho de 2025, que \u201cAltera o inciso II do Artigo 6\u00ba da Lei 1.745/2016.\u201d</div>\r\n<div dir=\"auto\">Acesse: <span class=\"html-span xdj266r x14z9mp xat24cr x1lziwak xexx8yu xyri2b x18d9i69 x1c1uobl x1hl2dhg x16tdsg8 x1vvkbs\"><a class=\"x1i10hfl xjbqb8w x1ejq31n x18oe1m7 x1sy0etr xstzfhl x972fbf x10w94by x1qhh985 x14e42zd x9f619 x1ypdohk xt0psk2 xe8uvvx xdj266r x14z9mp xat24cr x1lziwak xexx8yu xyri2b x18d9i69 x1c1uobl x16tdsg8 x1hl2dhg xggy1nq x1a2a7pz xkrqix3 x1sur9pj x1fey0fg x1s688f\" href=\"https://sapl.andradas.mg.leg.br/materia/14750?fbclid=IwZXh0bgNhZW0CMTAAYnJpZBExWEx2VTBRcnl1WFFMMDVlOQEedWfkUsKotA-BKKalTFPkdKQsciMvSCog21ygxiALIOGyarm72xvHHkbdtJY_aem_jIu9RtFJ9pJ-gImX0Zfn5w\" rel=\"nofollow noreferrer\" tabindex=\"0\" target=\"_blank\">https://sapl.andradas.mg.leg.br/materia/14750</a></span></div>\r\n<div dir=\"auto\"><span class=\"html-span xdj266r x14z9mp xat24cr x1lziwak xexx8yu xyri2b x18d9i69 x1c1uobl x1hl2dhg x16tdsg8 x1vvkbs\"><br /></span></div>\r\n</div>\r\n<div class=\"x14z9mp xat24cr x1lziwak x1vvkbs xtlvy1s x126k92a\">\r\n<div dir=\"auto\">Projeto de Lei Ordin\u00e1ria N\u00ba 22/2025, de 29 de julho de 2025, que \u201cAltera o artigo 17\u00ba da Lei 1.925/2019.\u201d</div>\r\n<div dir=\"auto\">Acesse: <span class=\"html-span xdj266r x14z9mp xat24cr x1lziwak xexx8yu xyri2b x18d9i69 x1c1uobl x1hl2dhg x16tdsg8 x1vvkbs\"><a class=\"x1i10hfl xjbqb8w x1ejq31n x18oe1m7 x1sy0etr xstzfhl x972fbf x10w94by x1qhh985 x14e42zd x9f619 x1ypdohk xt0psk2 xe8uvvx xdj266r x14z9mp xat24cr x1lziwak xexx8yu xyri2b x18d9i69 x1c1uobl x16tdsg8 x1hl2dhg xggy1nq x1a2a7pz xkrqix3 x1sur9pj x1fey0fg x1s688f\" href=\"https://sapl.andradas.mg.leg.br/materia/14751?fbclid=IwZXh0bgNhZW0CMTAAYnJpZBExWEx2VTBRcnl1WFFMMDVlOQEeZEjIf7giBGaNbwuiOtK2gmYAYO9UqGpzLk2oL2jdR6yBa33KvW-BOJuufzs_aem_C5ZEVaGgjIz9JxsYyriiMQ\" rel=\"nofollow noreferrer\" tabindex=\"0\" target=\"_blank\">https://sapl.andradas.mg.leg.br/materia/14751</a></span></div>\r\n<div dir=\"auto\"><span class=\"html-span xdj266r x14z9mp xat24cr x1lziwak xexx8yu xyri2b x18d9i69 x1c1uobl x1hl2dhg x16tdsg8 x1vvkbs\"><br /></span></div>\r\n</div>\r\n<div class=\"x14z9mp xat24cr x1lziwak x1vvkbs xtlvy1s x126k92a\">\r\n<div dir=\"auto\">Substitutivo N\u00ba 01/2025 ao Projeto de Lei Ordin\u00e1ria N\u00ba 11/2025, que \u201cEstabelece a Pol\u00edtica Municipal de Atendimento Integrado \u00e0 Pessoa com Transtorno do Espectro Autista e d\u00e1 outras provid\u00eancias.\u201d</div>\r\n<div dir=\"auto\">Acesse: <span class=\"html-span xdj266r x14z9mp xat24cr x1lziwak xexx8yu xyri2b x18d9i69 x1c1uobl x1hl2dhg x16tdsg8 x1vvkbs\"><a class=\"x1i10hfl xjbqb8w x1ejq31n x18oe1m7 x1sy0etr xstzfhl x972fbf x10w94by x1qhh985 x14e42zd x9f619 x1ypdohk xt0psk2 xe8uvvx xdj266r x14z9mp xat24cr x1lziwak xexx8yu xyri2b x18d9i69 x1c1uobl x16tdsg8 x1hl2dhg xggy1nq x1a2a7pz xkrqix3 x1sur9pj x1fey0fg x1s688f\" href=\"https://sapl.andradas.mg.leg.br/materia/14752?fbclid=IwZXh0bgNhZW0CMTAAYnJpZBExWEx2VTBRcnl1WFFMMDVlOQEe5zX6gYeBRRx8nBf9N7bPXMgOZcyFZfl2-b35wtbfGm0Gn7AG1FXpsAZ9NEo_aem_fiewtPinp_npEMTq_GTxvQ\" rel=\"nofollow noreferrer\" tabindex=\"0\" target=\"_blank\">https://sapl.andradas.mg.leg.br/materia/14752</a></span></div>\r\n<div dir=\"auto\"><span class=\"html-span xdj266r x14z9mp xat24cr x1lziwak xexx8yu xyri2b x18d9i69 x1c1uobl x1hl2dhg x16tdsg8 x1vvkbs\"><br /></span></div>\r\n</div>\r\n<div class=\"x14z9mp xat24cr x1lziwak x1vvkbs xtlvy1s x126k92a\">\r\n<div dir=\"auto\">Mat\u00e9rias que ser\u00e3o discutidas e votadas:</div>\r\n<div dir=\"auto\"></div>\r\n</div>\r\n<div class=\"x14z9mp xat24cr x1lziwak x1vvkbs xtlvy1s x126k92a\">\r\n<div dir=\"auto\">Projeto de Lei Ordin\u00e1ria N\u00ba 16/2025, que \u201cAltera a Lei Municipal n\u00ba 1.415, de 29 de setembro de 2005, sobre o atendimento dos usu\u00e1rios dos servi\u00e7os prestados pelas ag\u00eancias banc\u00e1rias no Munic\u00edpio de Andradas.\u201d</div>\r\n<div dir=\"auto\">Acesse: <span class=\"html-span xdj266r x14z9mp xat24cr x1lziwak xexx8yu xyri2b x18d9i69 x1c1uobl x1hl2dhg x16tdsg8 x1vvkbs\"><a class=\"x1i10hfl xjbqb8w x1ejq31n x18oe1m7 x1sy0etr xstzfhl x972fbf x10w94by x1qhh985 x14e42zd x9f619 x1ypdohk xt0psk2 xe8uvvx xdj266r x14z9mp xat24cr x1lziwak xexx8yu xyri2b x18d9i69 x1c1uobl x16tdsg8 x1hl2dhg xggy1nq x1a2a7pz xkrqix3 x1sur9pj x1fey0fg x1s688f\" href=\"https://l.facebook.com/l.php?u=https%3A%2F%2Fsapl.andradas.mg.leg.br%2Fmateria%2F14653%3Ffbclid%3DIwZXh0bgNhZW0CMTAAYnJpZBExWEx2VTBRcnl1WFFMMDVlOQEe6s6i54mNPwbkwz82LypngagKAbAiyrygJ6UWazFB-NY-4ra1WWE04bijzAk_aem_nR8HQAZhdVku7fm6QGIZYQ&amp;h=AT3dOcosF5aUysrYpFw0k3MkJYqPZMrbXKQ9tgf2Mt5-lXdFg7osdJfR8FjNR8adp43uebfYeOv73bGf2hoEPus72suiOyZLm2VeSpG0g5-0Y8AFqm7X4Zc7e_QV4PDBCErBDcE7Mks8imG_&amp;__tn__=-UK-R&amp;c[0]=AT1chb6V7W_9mVbfqJKiKkdbIkrWqx4gDCVQTHk-dklD_rIL14XlWynMZ8nFahfDESmPlztvZ63K31zuHYqF6JvBeSz4p4Qcc1iwXPKe8wQLLTyXTwlLYXVBs6leNOGC_yzcgsgV5fmq8b8zwUivBvaaVS80p1QvIXu5SZc2dOyQAlI_OsKtOf5Q5_JtnQ4pf6SjEGnWHOpHFKiwVzm5BnjsOg\" rel=\"nofollow noreferrer\" tabindex=\"0\" target=\"_blank\">https://sapl.andradas.mg.leg.br/materia/14653</a></span></div>\r\n<div dir=\"auto\"><span class=\"html-span xdj266r x14z9mp xat24cr x1lziwak xexx8yu xyri2b x18d9i69 x1c1uobl x1hl2dhg x16tdsg8 x1vvkbs\"><br /></span></div>\r\n</div>\r\n<div class=\"x14z9mp xat24cr x1lziwak x1vvkbs xtlvy1s x126k92a\">\r\n<div dir=\"auto\">Projeto de Lei Ordin\u00e1ria N\u00ba 19/2025, de 16 de julho de 2025, que \u201cInstitui a Semana Municipal de Conscientiza\u00e7\u00e3o e Prote\u00e7\u00e3o Animal no Munic\u00edpio de Andradas e d\u00e1 outras provid\u00eancias.\u201d</div>\r\n<div dir=\"auto\">Acesse: <span class=\"html-span xdj266r x14z9mp xat24cr x1lziwak xexx8yu xyri2b x18d9i69 x1c1uobl x1hl2dhg x16tdsg8 x1vvkbs\"><a class=\"x1i10hfl xjbqb8w x1ejq31n x18oe1m7 x1sy0etr xstzfhl x972fbf x10w94by x1qhh985 x14e42zd x9f619 x1ypdohk xt0psk2 xe8uvvx xdj266r x14z9mp xat24cr x1lziwak xexx8yu xyri2b x18d9i69 x1c1uobl x16tdsg8 x1hl2dhg xggy1nq x1a2a7pz xkrqix3 x1sur9pj x1fey0fg x1s688f\" href=\"https://sapl.andradas.mg.leg.br/materia/14669?fbclid=IwZXh0bgNhZW0CMTAAYnJpZBExWEx2VTBRcnl1WFFMMDVlOQEe1-oZhTx-PVzq-avhyGdeGAnUDz5B56Ce_qJEN2A4fr9dyLHR25abCAyzOdE_aem_zH_x2kmIMPsNIGdmNUoGeQ\" rel=\"nofollow noreferrer\" tabindex=\"0\" target=\"_blank\">https://sapl.andradas.mg.leg.br/materia/14669</a></span></div>\r\n<div dir=\"auto\"><span class=\"html-span xdj266r x14z9mp xat24cr x1lziwak xexx8yu xyri2b x18d9i69 x1c1uobl x1hl2dhg x16tdsg8 x1vvkbs\"><br /></span></div>\r\n</div>\r\n<div class=\"x14z9mp xat24cr x1lziwak x1vvkbs xtlvy1s x126k92a\">\r\n<div dir=\"auto\">Projeto de Resolu\u00e7\u00e3o N\u00ba 02/2025, de 07 de julho de 2025, que \u201cAltera a Resolu\u00e7\u00e3o 162 da C\u00e2mara Municipal de Andradas e d\u00e1 outras provid\u00eancias.\u201d</div>\r\n<div dir=\"auto\">Acesse: <span class=\"html-span xdj266r x14z9mp xat24cr x1lziwak xexx8yu xyri2b x18d9i69 x1c1uobl x1hl2dhg x16tdsg8 x1vvkbs\"><a class=\"x1i10hfl xjbqb8w x1ejq31n x18oe1m7 x1sy0etr xstzfhl x972fbf x10w94by x1qhh985 x14e42zd x9f619 x1ypdohk xt0psk2 xe8uvvx xdj266r x14z9mp xat24cr x1lziwak xexx8yu xyri2b x18d9i69 x1c1uobl x16tdsg8 x1hl2dhg xggy1nq x1a2a7pz xkrqix3 x1sur9pj x1fey0fg x1s688f\" href=\"https://sapl.andradas.mg.leg.br/materia/14667?fbclid=IwZXh0bgNhZW0CMTAAYnJpZBExWEx2VTBRcnl1WFFMMDVlOQEe7gVvZKZTgUPFjQ-UKI0JRss3NBsJzU-ErNaGFkcaXLlIxr-m5Nx9rPgTL6E_aem_juUBszMpof3sXN7mXoE9lQ\" rel=\"nofollow noreferrer\" tabindex=\"0\" target=\"_blank\">https://sapl.andradas.mg.leg.br/materia/14667</a></span></div>\r\n<div dir=\"auto\"><span class=\"html-span xdj266r x14z9mp xat24cr x1lziwak xexx8yu xyri2b x18d9i69 x1c1uobl x1hl2dhg x16tdsg8 x1vvkbs\"><br /></span></div>\r\n</div>\r\n<div class=\"x14z9mp xat24cr x1lziwak x1vvkbs xtlvy1s x126k92a\">\r\n<div dir=\"auto\">A participa\u00e7\u00e3o da popula\u00e7\u00e3o nas sess\u00f5es \u00e9 fundamental para o fortalecimento da democracia e o acompanhamento das a\u00e7\u00f5es do Legislativo. A sess\u00e3o ser\u00e1 transmitida ao vivo pelos canais oficiais da C\u00e2mara.</div>\r\n<div dir=\"auto\"></div>\r\n</div>\r\n<div class=\"x14z9mp xat24cr x1lziwak x1vvkbs xtlvy1s x126k92a\">\r\n<div dir=\"auto\"><em>C\u00e2mara Municipal de Andradas</em></div>\r\n<div dir=\"auto\"><em>Rua Leonardo Alves dos Santos, 315 \u2013 Jd. Bela Vista \u2013 Andradas-MG \u2013 CEP 37795-000</em></div>\r\n<div dir=\"auto\"><em>Tel: (35) 3731-1023 / 3731-6364</em></div>\r\n</div>", "author_name": "", "version": "1.0", "author_url": "https://www.andradas.mg.leg.br/author/adm", "provider_name": "C\u00e2mara Municipal", "type": "rich"}